{"id":769,"date":"2026-06-26T08:00:05","date_gmt":"2026-06-26T06:00:05","guid":{"rendered":"https:\/\/www.unikum.net\/de\/?p=769"},"modified":"2026-07-28T21:08:48","modified_gmt":"2026-07-28T19:08:48","slug":"digitaltag-2026","status":"publish","type":"post","link":"https:\/\/www.unikum.net\/de\/blog\/digitaltag-2026\/","title":{"rendered":"Leben wir digital noch immer in der Vergangenheit?"},"content":{"rendered":"","protected":false},"excerpt":{"rendered":"","protected":false},"author":47,"featured_media":774,"comment_status":"closed","ping_status":"closed","sticky":false,"template":"","format":"standard","meta":{"_acf_changed":false,"_seopress_titles_title":"Digitaltag-Studie 2026: Wo steht die digitale Kita? | Unikum","_seopress_titles_desc":"Die Digitaltag-Studie 2026 zeigt Unsicherheiten bei Technologien. Wie Kitas und Tr\u00e4ger digitale H\u00fcrden abbauen und Zukunftsf\u00e4higkeit sichern. Jetzt lesen!","_seopress_robots_index":"","_seopress_robots_follow":"","_seopress_robots_imageindex":"","_seopress_robots_snippet":"","_seopress_robots_primary_cat":"","_seopress_robots_breadcrumbs":"false","_seopress_robots_freeze_modified_date":"","_seopress_robots_custom_modified_date":"","_seopress_robots_canonical":"https:\/\/www.unikum.net\/de\/blog\/digitaltag-2026\/","_seopress_social_fb_title":"Digitaltag-Studie 2026: Wo steht die digitale Kita? | Unikum","_seopress_social_fb_desc":"Die Digitaltag-Studie 2026 zeigt Unsicherheiten bei Technologien. Wie Kitas und Tr\u00e4ger digitale H\u00fcrden abbauen und Zukunftsf\u00e4higkeit sichern. Jetzt lesen!","_seopress_social_fb_img":"https:\/\/www.unikum.net\/de\/wp-content\/uploads\/sites\/2\/2024\/07\/FSK-full-3-low-res7.jpg","_seopress_social_fb_img_attachment_id":266,"_seopress_social_fb_img_width":1500,"_seopress_social_fb_img_height":1000,"_seopress_social_twitter_title":"Digitaltag-Studie 2026: Wo steht die digitale Kita? | Unikum","_seopress_social_twitter_desc":"Die Digitaltag-Studie 2026 zeigt Unsicherheiten bei Technologien. Wie Kitas und Tr\u00e4ger digitale H\u00fcrden abbauen und Zukunftsf\u00e4higkeit sichern. Jetzt lesen!","_seopress_social_twitter_img":"https:\/\/www.unikum.net\/de\/wp-content\/uploads\/sites\/2\/2024\/07\/FSK-full-3-low-res7.jpg","_seopress_social_twitter_img_attachment_id":266,"_seopress_social_twitter_img_width":1500,"_seopress_social_twitter_img_height":1000,"_seopress_redirections_value":"","_seopress_redirections_enabled":"","_seopress_redirections_enabled_regex":"","_seopress_redirections_logged_status":"both","_seopress_redirections_param":"","_seopress_redirections_type":301,"_seopress_analysis_target_kw":"Digitalisierung Kita,Digitale Kompetenzen,Digitaltag 2026,Kita Digitalisierung,Digitalisierung in der fr\u00fchkindlichen Bildung,KI in der Kita,Digitale Bildung,Kita Software,Qualit\u00e4tsentwicklung Kita,P\u00e4dagogische Fachkr\u00e4fte,Digitalisierung,Digitaltag,Kita,Fr\u00fchkindliche Bildung,P\u00e4dagogik,KI,K\u00fcnstliche Intelligenz,Kitaqualit\u00e4t,Qualit\u00e4tsentwicklung,Fachkr\u00e4fte,Kitaleitung,Tr\u00e4ger,Elternkommunikation,Digitale Dokumentation,Bildungstechnologie,Innovation,Unikum,digital","content-type":""},"categories":[7,8,13],"tags":[200,96,199,188,177,191,203,186,192,187,198,197,185,201,195,189,193,202,190,174,112,196,194,176,171,111,173,183],"class_list":["post-769","post","type-post","status-publish","format-standard","has-post-thumbnail","hentry","category-digitalisierung","category-qualitaet","category-unikum","tag-bildungstechnologie","tag-digitale-bildung","tag-digitale-dokumentation","tag-digitale-kompetenzen","tag-digitalisierung","tag-digitalisierung-im-bildungsbereich","tag-digitalisierung-in-der-fruehkindlichen-bildung","tag-digitalisierung-kita","tag-digitaltag","tag-digitaltag-2026","tag-elternkommunikation","tag-fachkraefte","tag-fruehkindliche-bildung","tag-innovation","tag-ki","tag-ki-in-der-kita","tag-kita","tag-kita-digitalisierung","tag-kita-software","tag-kitaleitung","tag-kitaqualitaet","tag-kuenstliche-intelligenz","tag-paedagogik","tag-paedagogische-fachkraefte","tag-qualitaetsentwicklung","tag-qualitaetsentwicklung-kita","tag-traeger","tag-unikum"],"acf":[],"_links":{"self":[{"href":"https:\/\/www.unikum.net\/de\/wp-json\/wp\/v2\/posts\/769","targetHints":{"allow":["GET"]}}],"collection":[{"href":"https:\/\/www.unikum.net\/de\/wp-json\/wp\/v2\/posts"}],"about":[{"href":"https:\/\/www.unikum.net\/de\/wp-json\/wp\/v2\/types\/post"}],"author":[{"embeddable":true,"href":"https:\/\/www.unikum.net\/de\/wp-json\/wp\/v2\/users\/47"}],"replies":[{"embeddable":true,"href":"https:\/\/www.unikum.net\/de\/wp-json\/wp\/v2\/comments?post=769"}],"version-history":[{"count":1,"href":"https:\/\/www.unikum.net\/de\/wp-json\/wp\/v2\/posts\/769\/revisions"}],"predecessor-version":[{"id":963,"href":"https:\/\/www.unikum.net\/de\/wp-json\/wp\/v2\/posts\/769\/revisions\/963"}],"wp:featuredmedia":[{"embeddable":true,"href":"https:\/\/www.unikum.net\/de\/wp-json\/wp\/v2\/media\/774"}],"wp:attachment":[{"href":"https:\/\/www.unikum.net\/de\/wp-json\/wp\/v2\/media?parent=769"}],"wp:term":[{"taxonomy":"category","embeddable":true,"href":"https:\/\/www.unikum.net\/de\/wp-json\/wp\/v2\/categories?post=769"},{"taxonomy":"post_tag","embeddable":true,"href":"https:\/\/www.unikum.net\/de\/wp-json\/wp\/v2\/tags?post=769"}],"curies":[{"name":"wp","href":"https:\/\/api.w.org\/{rel}","templated":true}]}}